{"id":19984,"date":"2021-09-06T18:23:00","date_gmt":"2021-09-06T18:23:00","guid":{"rendered":"https:\/\/vilnonesdienos.lt\/?p=19984"},"modified":"2024-01-06T18:36:32","modified_gmt":"2024-01-06T18:36:32","slug":"nuaidejo-vi-asis-festivalis","status":"publish","type":"post","link":"https:\/\/vilnonesdienos.lt\/en\/nuaidejo-vi-asis-festivalis\/","title":{"rendered":"Nuaid\u0117jo VI-asis festivalis"},"content":{"rendered":"<div data-elementor-type=\"wp-post\" data-elementor-id=\"19984\" class=\"elementor elementor-19984\">\n\t\t\t\t\t\t<section class=\"elementor-section elementor-top-section elementor-element elementor-element-5351bc5 elementor-section-boxed elementor-section-height-default elementor-section-height-default sc_fly_static e-parent\" data-id=\"5351bc5\" data-element_type=\"section\">\n\t\t\t\t\t\t<div class=\"elementor-container elementor-column-gap-extended\">\n\t\t\t\t\t<div class=\"elementor-column elementor-col-100 elementor-top-column elementor-element elementor-element-65b07a4 sc_content_align_inherit sc_layouts_column_icons_position_left lakit-col-width-auto-no sc_fly_static\" data-id=\"65b07a4\" data-element_type=\"column\">\n\t\t\t<div class=\"elementor-widget-wrap elementor-element-populated\">\n\t\t\t\t\t\t<div class=\"elementor-element elementor-element-ac1b7f2 sc_fly_static elementor-widget elementor-widget-text-editor\" data-id=\"ac1b7f2\" data-element_type=\"widget\" data-widget_type=\"text-editor.default\">\n\t\t\t\t<div class=\"elementor-widget-container\">\n\t\t\t\t\t\t\t\t\t<p>Jau \u0161e\u0161t\u0105 kart\u0105, rugs\u0117jo 4-5 dienomis, prie Rauboni\u0173 vandens mal\u016bno \u2013 viln\u0173 kar\u0161yklos, gra\u017eiame Tatulos up\u0117s sl\u0117nyje vyko festivalis \u201eVilnon\u0117s dienos\u201c. Festivalio metu pasukome istorijos rat\u0105 ir gr\u012f\u017eome \u012f dvide\u0161imtojo am\u017eiaus prad\u017ei\u0105. Rengin\u012f prad\u0117jo jungtinis Pasvalio G. Kutkausko ir Pasvalio jaunimo teatras-studija \u201eDrama\u201c su spektakliu \u201eKra\u0161to paveiksl\u0117liai\u201c, kuriame su i\u0161mone pristatyta Pasvalio kra\u0161to ir Rauboni\u0173 mal\u016bno teatralizuota istorija.<\/p><figure class=\"wp-block-image size-large\"><img decoding=\"async\" class=\"wp-image-2343\" src=\"https:\/\/raubonys.lt\/wp-content\/uploads\/2021\/10\/IMG_7725-1024x683.jpg\" alt=\"\" \/><img fetchpriority=\"high\" decoding=\"async\" class=\"alignnone size-full wp-image-19988\" src=\"https:\/\/vilnonesdienos.lt\/wp-content\/uploads\/2024\/01\/241049766_1530599357284979_1796079835958461824_n.jpg\" alt=\"\" width=\"2048\" height=\"1152\" srcset=\"https:\/\/vilnonesdienos.lt\/wp-content\/uploads\/2024\/01\/241049766_1530599357284979_1796079835958461824_n.jpg 2048w, https:\/\/vilnonesdienos.lt\/wp-content\/uploads\/2024\/01\/241049766_1530599357284979_1796079835958461824_n-300x169.jpg 300w, https:\/\/vilnonesdienos.lt\/wp-content\/uploads\/2024\/01\/241049766_1530599357284979_1796079835958461824_n-1024x576.jpg 1024w, https:\/\/vilnonesdienos.lt\/wp-content\/uploads\/2024\/01\/241049766_1530599357284979_1796079835958461824_n-768x432.jpg 768w, https:\/\/vilnonesdienos.lt\/wp-content\/uploads\/2024\/01\/241049766_1530599357284979_1796079835958461824_n-1536x864.jpg 1536w, https:\/\/vilnonesdienos.lt\/wp-content\/uploads\/2024\/01\/241049766_1530599357284979_1796079835958461824_n-18x10.jpg 18w, https:\/\/vilnonesdienos.lt\/wp-content\/uploads\/2024\/01\/241049766_1530599357284979_1796079835958461824_n-370x208.jpg 370w, https:\/\/vilnonesdienos.lt\/wp-content\/uploads\/2024\/01\/241049766_1530599357284979_1796079835958461824_n-1290x725.jpg 1290w, https:\/\/vilnonesdienos.lt\/wp-content\/uploads\/2024\/01\/241049766_1530599357284979_1796079835958461824_n-840x473.jpg 840w, https:\/\/vilnonesdienos.lt\/wp-content\/uploads\/2024\/01\/241049766_1530599357284979_1796079835958461824_n-410x231.jpg 410w, https:\/\/vilnonesdienos.lt\/wp-content\/uploads\/2024\/01\/241049766_1530599357284979_1796079835958461824_n-200x113.jpg 200w, https:\/\/vilnonesdienos.lt\/wp-content\/uploads\/2024\/01\/241049766_1530599357284979_1796079835958461824_n-711x400.jpg 711w, https:\/\/vilnonesdienos.lt\/wp-content\/uploads\/2024\/01\/241049766_1530599357284979_1796079835958461824_n-270x152.jpg 270w\" sizes=\"(max-width: 2048px) 100vw, 2048px\" \/><\/figure><p>V\u0117liau \u012fvyko senovini\u0173 automobili\u0173 va\u017eiuotyn\u0117s, kurias sureng\u0117 Pasvalio klubas \u201eRetro broliai\u201c.<\/p><figure class=\"wp-block-image size-large\"><img decoding=\"async\" class=\"wp-image-2344\" src=\"https:\/\/raubonys.lt\/wp-content\/uploads\/2021\/10\/IMG_7671-1024x683.jpg\" alt=\"\" \/><img decoding=\"async\" class=\"alignnone size-full wp-image-19987\" src=\"https:\/\/vilnonesdienos.lt\/wp-content\/uploads\/2024\/01\/241232997_1530598837285031_2201659554292978319_n.jpg\" alt=\"\" width=\"2048\" height=\"1152\" srcset=\"https:\/\/vilnonesdienos.lt\/wp-content\/uploads\/2024\/01\/241232997_1530598837285031_2201659554292978319_n.jpg 2048w, https:\/\/vilnonesdienos.lt\/wp-content\/uploads\/2024\/01\/241232997_1530598837285031_2201659554292978319_n-300x169.jpg 300w, https:\/\/vilnonesdienos.lt\/wp-content\/uploads\/2024\/01\/241232997_1530598837285031_2201659554292978319_n-1024x576.jpg 1024w, https:\/\/vilnonesdienos.lt\/wp-content\/uploads\/2024\/01\/241232997_1530598837285031_2201659554292978319_n-768x432.jpg 768w, https:\/\/vilnonesdienos.lt\/wp-content\/uploads\/2024\/01\/241232997_1530598837285031_2201659554292978319_n-1536x864.jpg 1536w, https:\/\/vilnonesdienos.lt\/wp-content\/uploads\/2024\/01\/241232997_1530598837285031_2201659554292978319_n-18x10.jpg 18w, https:\/\/vilnonesdienos.lt\/wp-content\/uploads\/2024\/01\/241232997_1530598837285031_2201659554292978319_n-370x208.jpg 370w, https:\/\/vilnonesdienos.lt\/wp-content\/uploads\/2024\/01\/241232997_1530598837285031_2201659554292978319_n-1290x725.jpg 1290w, https:\/\/vilnonesdienos.lt\/wp-content\/uploads\/2024\/01\/241232997_1530598837285031_2201659554292978319_n-840x473.jpg 840w, https:\/\/vilnonesdienos.lt\/wp-content\/uploads\/2024\/01\/241232997_1530598837285031_2201659554292978319_n-410x231.jpg 410w, https:\/\/vilnonesdienos.lt\/wp-content\/uploads\/2024\/01\/241232997_1530598837285031_2201659554292978319_n-200x113.jpg 200w, https:\/\/vilnonesdienos.lt\/wp-content\/uploads\/2024\/01\/241232997_1530598837285031_2201659554292978319_n-711x400.jpg 711w, https:\/\/vilnonesdienos.lt\/wp-content\/uploads\/2024\/01\/241232997_1530598837285031_2201659554292978319_n-270x152.jpg 270w\" sizes=\"(max-width: 2048px) 100vw, 2048px\" \/><\/figure><p>Skambia liaudies daina, \u0161okiu ir muzika nud\u017eiugino folkloro ansamblis \u201eGaspadoriai\u201c i\u0161 Nami\u0161i\u0173.\u00a0<\/p><figure class=\"wp-block-image size-large\"><img decoding=\"async\" class=\"wp-image-2345\" src=\"https:\/\/raubonys.lt\/wp-content\/uploads\/2021\/10\/IMG_7844-1024x683.jpg\" alt=\"\" \/><img decoding=\"async\" class=\"alignnone size-full wp-image-19989\" src=\"https:\/\/vilnonesdienos.lt\/wp-content\/uploads\/2024\/01\/241002196_1530598593951722_8483516612603727090_n.jpg\" alt=\"\" width=\"2048\" height=\"1152\" srcset=\"https:\/\/vilnonesdienos.lt\/wp-content\/uploads\/2024\/01\/241002196_1530598593951722_8483516612603727090_n.jpg 2048w, https:\/\/vilnonesdienos.lt\/wp-content\/uploads\/2024\/01\/241002196_1530598593951722_8483516612603727090_n-300x169.jpg 300w, https:\/\/vilnonesdienos.lt\/wp-content\/uploads\/2024\/01\/241002196_1530598593951722_8483516612603727090_n-1024x576.jpg 1024w, https:\/\/vilnonesdienos.lt\/wp-content\/uploads\/2024\/01\/241002196_1530598593951722_8483516612603727090_n-768x432.jpg 768w, https:\/\/vilnonesdienos.lt\/wp-content\/uploads\/2024\/01\/241002196_1530598593951722_8483516612603727090_n-1536x864.jpg 1536w, https:\/\/vilnonesdienos.lt\/wp-content\/uploads\/2024\/01\/241002196_1530598593951722_8483516612603727090_n-18x10.jpg 18w, https:\/\/vilnonesdienos.lt\/wp-content\/uploads\/2024\/01\/241002196_1530598593951722_8483516612603727090_n-370x208.jpg 370w, https:\/\/vilnonesdienos.lt\/wp-content\/uploads\/2024\/01\/241002196_1530598593951722_8483516612603727090_n-1290x725.jpg 1290w, https:\/\/vilnonesdienos.lt\/wp-content\/uploads\/2024\/01\/241002196_1530598593951722_8483516612603727090_n-840x473.jpg 840w, https:\/\/vilnonesdienos.lt\/wp-content\/uploads\/2024\/01\/241002196_1530598593951722_8483516612603727090_n-410x231.jpg 410w, https:\/\/vilnonesdienos.lt\/wp-content\/uploads\/2024\/01\/241002196_1530598593951722_8483516612603727090_n-200x113.jpg 200w, https:\/\/vilnonesdienos.lt\/wp-content\/uploads\/2024\/01\/241002196_1530598593951722_8483516612603727090_n-711x400.jpg 711w, https:\/\/vilnonesdienos.lt\/wp-content\/uploads\/2024\/01\/241002196_1530598593951722_8483516612603727090_n-270x152.jpg 270w\" sizes=\"(max-width: 2048px) 100vw, 2048px\" \/><\/figure><p>Daug dalyvi\u0173 sulauk\u0117 \u0161lepe\u010di\u0173 v\u0117limo \u010dempionatas. Dalyviai nepab\u016bgo sunkaus darbo ir jau po keli\u0173 valand\u0173 rankose laik\u0117 savo sukurtas \u0161lepetes.<\/p><figure class=\"wp-block-image size-large\"><img decoding=\"async\" class=\"wp-image-2346\" src=\"https:\/\/raubonys.lt\/wp-content\/uploads\/2021\/10\/IMG_8265-1024x683.jpg\" alt=\"\" \/><img loading=\"lazy\" decoding=\"async\" class=\"alignnone size-full wp-image-19991\" src=\"https:\/\/vilnonesdienos.lt\/wp-content\/uploads\/2024\/01\/241462130_1530600067284908_1669976676131065060_n.jpg\" alt=\"\" width=\"2048\" height=\"1152\" srcset=\"https:\/\/vilnonesdienos.lt\/wp-content\/uploads\/2024\/01\/241462130_1530600067284908_1669976676131065060_n.jpg 2048w, https:\/\/vilnonesdienos.lt\/wp-content\/uploads\/2024\/01\/241462130_1530600067284908_1669976676131065060_n-300x169.jpg 300w, https:\/\/vilnonesdienos.lt\/wp-content\/uploads\/2024\/01\/241462130_1530600067284908_1669976676131065060_n-1024x576.jpg 1024w, https:\/\/vilnonesdienos.lt\/wp-content\/uploads\/2024\/01\/241462130_1530600067284908_1669976676131065060_n-768x432.jpg 768w, https:\/\/vilnonesdienos.lt\/wp-content\/uploads\/2024\/01\/241462130_1530600067284908_1669976676131065060_n-1536x864.jpg 1536w, https:\/\/vilnonesdienos.lt\/wp-content\/uploads\/2024\/01\/241462130_1530600067284908_1669976676131065060_n-18x10.jpg 18w, https:\/\/vilnonesdienos.lt\/wp-content\/uploads\/2024\/01\/241462130_1530600067284908_1669976676131065060_n-370x208.jpg 370w, https:\/\/vilnonesdienos.lt\/wp-content\/uploads\/2024\/01\/241462130_1530600067284908_1669976676131065060_n-1290x725.jpg 1290w, https:\/\/vilnonesdienos.lt\/wp-content\/uploads\/2024\/01\/241462130_1530600067284908_1669976676131065060_n-840x473.jpg 840w, https:\/\/vilnonesdienos.lt\/wp-content\/uploads\/2024\/01\/241462130_1530600067284908_1669976676131065060_n-410x231.jpg 410w, https:\/\/vilnonesdienos.lt\/wp-content\/uploads\/2024\/01\/241462130_1530600067284908_1669976676131065060_n-200x113.jpg 200w, https:\/\/vilnonesdienos.lt\/wp-content\/uploads\/2024\/01\/241462130_1530600067284908_1669976676131065060_n-711x400.jpg 711w, https:\/\/vilnonesdienos.lt\/wp-content\/uploads\/2024\/01\/241462130_1530600067284908_1669976676131065060_n-270x152.jpg 270w\" sizes=\"(max-width: 2048px) 100vw, 2048px\" \/><\/figure><p>Neliko u\u017emir\u0161ti ir festivalio ma\u017eiausieji \u2013 vaikai. \u0160aunusis persona\u017eas aukl\u0117 Mer\u0117 Popins (Vita Navalinskien\u0117) su jais pie\u0161\u0117, \u017eaid\u0117 smagius \u017eaidimus, dekoravo avytes ir vykd\u0117 \u012fvairiausias u\u017eduotis.\u00a0<\/p><figure class=\"wp-block-image size-large\"><img decoding=\"async\" class=\"wp-image-2348\" src=\"https:\/\/raubonys.lt\/wp-content\/uploads\/2021\/10\/IMG_7929-1024x683.jpg\" alt=\"\" \/><img loading=\"lazy\" decoding=\"async\" class=\"alignnone size-full wp-image-19993\" src=\"https:\/\/vilnonesdienos.lt\/wp-content\/uploads\/2024\/01\/241475855_1530599493951632_5564392837335005562_n.jpg\" alt=\"\" width=\"2048\" height=\"1152\" srcset=\"https:\/\/vilnonesdienos.lt\/wp-content\/uploads\/2024\/01\/241475855_1530599493951632_5564392837335005562_n.jpg 2048w, https:\/\/vilnonesdienos.lt\/wp-content\/uploads\/2024\/01\/241475855_1530599493951632_5564392837335005562_n-300x169.jpg 300w, https:\/\/vilnonesdienos.lt\/wp-content\/uploads\/2024\/01\/241475855_1530599493951632_5564392837335005562_n-1024x576.jpg 1024w, https:\/\/vilnonesdienos.lt\/wp-content\/uploads\/2024\/01\/241475855_1530599493951632_5564392837335005562_n-768x432.jpg 768w, https:\/\/vilnonesdienos.lt\/wp-content\/uploads\/2024\/01\/241475855_1530599493951632_5564392837335005562_n-1536x864.jpg 1536w, https:\/\/vilnonesdienos.lt\/wp-content\/uploads\/2024\/01\/241475855_1530599493951632_5564392837335005562_n-18x10.jpg 18w, https:\/\/vilnonesdienos.lt\/wp-content\/uploads\/2024\/01\/241475855_1530599493951632_5564392837335005562_n-370x208.jpg 370w, https:\/\/vilnonesdienos.lt\/wp-content\/uploads\/2024\/01\/241475855_1530599493951632_5564392837335005562_n-1290x725.jpg 1290w, https:\/\/vilnonesdienos.lt\/wp-content\/uploads\/2024\/01\/241475855_1530599493951632_5564392837335005562_n-840x473.jpg 840w, https:\/\/vilnonesdienos.lt\/wp-content\/uploads\/2024\/01\/241475855_1530599493951632_5564392837335005562_n-410x231.jpg 410w, https:\/\/vilnonesdienos.lt\/wp-content\/uploads\/2024\/01\/241475855_1530599493951632_5564392837335005562_n-200x113.jpg 200w, https:\/\/vilnonesdienos.lt\/wp-content\/uploads\/2024\/01\/241475855_1530599493951632_5564392837335005562_n-711x400.jpg 711w, https:\/\/vilnonesdienos.lt\/wp-content\/uploads\/2024\/01\/241475855_1530599493951632_5564392837335005562_n-270x152.jpg 270w\" sizes=\"(max-width: 2048px) 100vw, 2048px\" \/><\/figure><p>Muzikin\u0117 edukacija su grupe \u201eA\u0161alia\u201c i\u0161 Joni\u0161kio.<\/p><figure class=\"wp-block-image size-large\"><img decoding=\"async\" class=\"wp-image-2349\" src=\"https:\/\/raubonys.lt\/wp-content\/uploads\/2021\/10\/IMG_7968-1024x683.jpg\" alt=\"\" \/><img loading=\"lazy\" decoding=\"async\" class=\"alignnone size-full wp-image-19992\" src=\"https:\/\/vilnonesdienos.lt\/wp-content\/uploads\/2024\/01\/241372495_1530600387284876_8978568332519639423_n.jpg\" alt=\"\" width=\"2048\" height=\"1152\" srcset=\"https:\/\/vilnonesdienos.lt\/wp-content\/uploads\/2024\/01\/241372495_1530600387284876_8978568332519639423_n.jpg 2048w, https:\/\/vilnonesdienos.lt\/wp-content\/uploads\/2024\/01\/241372495_1530600387284876_8978568332519639423_n-300x169.jpg 300w, https:\/\/vilnonesdienos.lt\/wp-content\/uploads\/2024\/01\/241372495_1530600387284876_8978568332519639423_n-1024x576.jpg 1024w, https:\/\/vilnonesdienos.lt\/wp-content\/uploads\/2024\/01\/241372495_1530600387284876_8978568332519639423_n-768x432.jpg 768w, https:\/\/vilnonesdienos.lt\/wp-content\/uploads\/2024\/01\/241372495_1530600387284876_8978568332519639423_n-1536x864.jpg 1536w, https:\/\/vilnonesdienos.lt\/wp-content\/uploads\/2024\/01\/241372495_1530600387284876_8978568332519639423_n-18x10.jpg 18w, https:\/\/vilnonesdienos.lt\/wp-content\/uploads\/2024\/01\/241372495_1530600387284876_8978568332519639423_n-370x208.jpg 370w, https:\/\/vilnonesdienos.lt\/wp-content\/uploads\/2024\/01\/241372495_1530600387284876_8978568332519639423_n-1290x725.jpg 1290w, https:\/\/vilnonesdienos.lt\/wp-content\/uploads\/2024\/01\/241372495_1530600387284876_8978568332519639423_n-840x473.jpg 840w, https:\/\/vilnonesdienos.lt\/wp-content\/uploads\/2024\/01\/241372495_1530600387284876_8978568332519639423_n-410x231.jpg 410w, https:\/\/vilnonesdienos.lt\/wp-content\/uploads\/2024\/01\/241372495_1530600387284876_8978568332519639423_n-200x113.jpg 200w, https:\/\/vilnonesdienos.lt\/wp-content\/uploads\/2024\/01\/241372495_1530600387284876_8978568332519639423_n-711x400.jpg 711w, https:\/\/vilnonesdienos.lt\/wp-content\/uploads\/2024\/01\/241372495_1530600387284876_8978568332519639423_n-270x152.jpg 270w\" sizes=\"(max-width: 2048px) 100vw, 2048px\" \/><\/figure><p>Kadangi festivalyje alsavo \u201esmetoni\u0161ka\u201c dvasia, jo dalyviai atvyko pasipuo\u0161\u0119 to laikme\u010dio apranga. Labiausiai i\u0161siskyr\u0119 buvo apdovanoti renginio organizatori\u0173 dovanomis.<\/p><figure class=\"wp-block-image size-large\"><img decoding=\"async\" class=\"wp-image-2350\" src=\"https:\/\/raubonys.lt\/wp-content\/uploads\/2021\/10\/IMG_7843-1024x683.jpg\" alt=\"\" \/><\/figure><p>Tiesiai i\u0161 Panev\u0117\u017eio miesto \u0161vent\u0117s atvyk\u0119s folkloro ansamblis \u201eRaskila\u201c parod\u0117 nuostabi\u0105 romans\u0173 program\u0105.<\/p><figure class=\"wp-block-image size-large\"><img decoding=\"async\" class=\"wp-image-2351\" src=\"https:\/\/raubonys.lt\/wp-content\/uploads\/2021\/10\/IMG_8209-1024x683.jpg\" alt=\"\" \/><img loading=\"lazy\" decoding=\"async\" class=\"alignnone size-full wp-image-19990\" src=\"https:\/\/vilnonesdienos.lt\/wp-content\/uploads\/2024\/01\/241454949_1530600297284885_1385376017332764886_n.jpg\" alt=\"\" width=\"2048\" height=\"1152\" srcset=\"https:\/\/vilnonesdienos.lt\/wp-content\/uploads\/2024\/01\/241454949_1530600297284885_1385376017332764886_n.jpg 2048w, https:\/\/vilnonesdienos.lt\/wp-content\/uploads\/2024\/01\/241454949_1530600297284885_1385376017332764886_n-300x169.jpg 300w, https:\/\/vilnonesdienos.lt\/wp-content\/uploads\/2024\/01\/241454949_1530600297284885_1385376017332764886_n-1024x576.jpg 1024w, https:\/\/vilnonesdienos.lt\/wp-content\/uploads\/2024\/01\/241454949_1530600297284885_1385376017332764886_n-768x432.jpg 768w, https:\/\/vilnonesdienos.lt\/wp-content\/uploads\/2024\/01\/241454949_1530600297284885_1385376017332764886_n-1536x864.jpg 1536w, https:\/\/vilnonesdienos.lt\/wp-content\/uploads\/2024\/01\/241454949_1530600297284885_1385376017332764886_n-18x10.jpg 18w, https:\/\/vilnonesdienos.lt\/wp-content\/uploads\/2024\/01\/241454949_1530600297284885_1385376017332764886_n-370x208.jpg 370w, https:\/\/vilnonesdienos.lt\/wp-content\/uploads\/2024\/01\/241454949_1530600297284885_1385376017332764886_n-1290x725.jpg 1290w, https:\/\/vilnonesdienos.lt\/wp-content\/uploads\/2024\/01\/241454949_1530600297284885_1385376017332764886_n-840x473.jpg 840w, https:\/\/vilnonesdienos.lt\/wp-content\/uploads\/2024\/01\/241454949_1530600297284885_1385376017332764886_n-410x231.jpg 410w, https:\/\/vilnonesdienos.lt\/wp-content\/uploads\/2024\/01\/241454949_1530600297284885_1385376017332764886_n-200x113.jpg 200w, https:\/\/vilnonesdienos.lt\/wp-content\/uploads\/2024\/01\/241454949_1530600297284885_1385376017332764886_n-711x400.jpg 711w, https:\/\/vilnonesdienos.lt\/wp-content\/uploads\/2024\/01\/241454949_1530600297284885_1385376017332764886_n-270x152.jpg 270w\" sizes=\"(max-width: 2048px) 100vw, 2048px\" \/><\/figure><p>Smetoni\u0161k\u0105 vakar\u0105 vainikavo Vaida Genyt\u0117, Egidijus Bavikinas ir pu\u010diam\u0173j\u0173 sekstetas Brass Bravo bei tarpukario dain\u0173 programa \u201ePasivaik\u0161\u010diojimas su D. Dolskiu ir A. \u0160abaniausku\u201c.<\/p><figure class=\"wp-block-image size-large\"><img decoding=\"async\" class=\"wp-image-2352\" src=\"https:\/\/raubonys.lt\/wp-content\/uploads\/2021\/10\/IMG_8485-1024x683.jpg\" alt=\"\" \/><img loading=\"lazy\" decoding=\"async\" class=\"alignnone size-full wp-image-19994\" src=\"https:\/\/vilnonesdienos.lt\/wp-content\/uploads\/2024\/01\/241475682_1530599583951623_3991710258234388795_n.jpg\" alt=\"\" width=\"2048\" height=\"1152\" srcset=\"https:\/\/vilnonesdienos.lt\/wp-content\/uploads\/2024\/01\/241475682_1530599583951623_3991710258234388795_n.jpg 2048w, https:\/\/vilnonesdienos.lt\/wp-content\/uploads\/2024\/01\/241475682_1530599583951623_3991710258234388795_n-300x169.jpg 300w, https:\/\/vilnonesdienos.lt\/wp-content\/uploads\/2024\/01\/241475682_1530599583951623_3991710258234388795_n-1024x576.jpg 1024w, https:\/\/vilnonesdienos.lt\/wp-content\/uploads\/2024\/01\/241475682_1530599583951623_3991710258234388795_n-768x432.jpg 768w, https:\/\/vilnonesdienos.lt\/wp-content\/uploads\/2024\/01\/241475682_1530599583951623_3991710258234388795_n-1536x864.jpg 1536w, https:\/\/vilnonesdienos.lt\/wp-content\/uploads\/2024\/01\/241475682_1530599583951623_3991710258234388795_n-18x10.jpg 18w, https:\/\/vilnonesdienos.lt\/wp-content\/uploads\/2024\/01\/241475682_1530599583951623_3991710258234388795_n-370x208.jpg 370w, https:\/\/vilnonesdienos.lt\/wp-content\/uploads\/2024\/01\/241475682_1530599583951623_3991710258234388795_n-1290x725.jpg 1290w, https:\/\/vilnonesdienos.lt\/wp-content\/uploads\/2024\/01\/241475682_1530599583951623_3991710258234388795_n-840x473.jpg 840w, https:\/\/vilnonesdienos.lt\/wp-content\/uploads\/2024\/01\/241475682_1530599583951623_3991710258234388795_n-410x231.jpg 410w, https:\/\/vilnonesdienos.lt\/wp-content\/uploads\/2024\/01\/241475682_1530599583951623_3991710258234388795_n-200x113.jpg 200w, https:\/\/vilnonesdienos.lt\/wp-content\/uploads\/2024\/01\/241475682_1530599583951623_3991710258234388795_n-711x400.jpg 711w, https:\/\/vilnonesdienos.lt\/wp-content\/uploads\/2024\/01\/241475682_1530599583951623_3991710258234388795_n-270x152.jpg 270w\" sizes=\"(max-width: 2048px) 100vw, 2048px\" \/><\/figure><p>Vakaro danguje spalvomis nu\u0161vito fejerverkai.<\/p><figure class=\"wp-block-image size-large\"><img decoding=\"async\" class=\"wp-image-2353\" src=\"https:\/\/raubonys.lt\/wp-content\/uploads\/2021\/10\/IMG_8584-1024x683.jpg\" alt=\"\" \/><\/figure><p>Antr\u0105j\u0105 festivalio dien\u0105 geros nuotaikos doz\u0119 dovanojo tradiciniai Pasvalio kra\u0161to muzikantai pasivadin\u0119 linksmai \u2013 \u201eTam kart\u2018\u201c.<\/p><p>\u017dolinink\u0117 Rasa \u010cirien\u0117 i\u0161samiai supa\u017eindino su biodinamin\u0117s augalininkyst\u0117s tradicijomis Lietuvoje ir papasakojo apie vaista\u017eoles.<\/p><figure class=\"wp-block-image size-large is-resized\"><\/figure><p>Nuotaiking\u0105 komedij\u0105 \u201eLoterija po 15 met\u0173\u201c parod\u0117 teatras \u201eAvilys\u201c i\u0161 Krekenavos.<\/p><figure class=\"wp-block-image size-large\"><img decoding=\"async\" class=\"wp-image-2358\" src=\"https:\/\/raubonys.lt\/wp-content\/uploads\/2021\/10\/DSC02196-1024x576.jpg\" alt=\"\" \/><img loading=\"lazy\" decoding=\"async\" class=\"alignnone size-full wp-image-19995\" src=\"https:\/\/vilnonesdienos.lt\/wp-content\/uploads\/2024\/01\/241254042_1530600893951492_704047757021741506_n.jpg\" alt=\"\" width=\"2048\" height=\"1152\" srcset=\"https:\/\/vilnonesdienos.lt\/wp-content\/uploads\/2024\/01\/241254042_1530600893951492_704047757021741506_n.jpg 2048w, https:\/\/vilnonesdienos.lt\/wp-content\/uploads\/2024\/01\/241254042_1530600893951492_704047757021741506_n-300x169.jpg 300w, https:\/\/vilnonesdienos.lt\/wp-content\/uploads\/2024\/01\/241254042_1530600893951492_704047757021741506_n-1024x576.jpg 1024w, https:\/\/vilnonesdienos.lt\/wp-content\/uploads\/2024\/01\/241254042_1530600893951492_704047757021741506_n-768x432.jpg 768w, https:\/\/vilnonesdienos.lt\/wp-content\/uploads\/2024\/01\/241254042_1530600893951492_704047757021741506_n-1536x864.jpg 1536w, https:\/\/vilnonesdienos.lt\/wp-content\/uploads\/2024\/01\/241254042_1530600893951492_704047757021741506_n-18x10.jpg 18w, https:\/\/vilnonesdienos.lt\/wp-content\/uploads\/2024\/01\/241254042_1530600893951492_704047757021741506_n-370x208.jpg 370w, https:\/\/vilnonesdienos.lt\/wp-content\/uploads\/2024\/01\/241254042_1530600893951492_704047757021741506_n-1290x725.jpg 1290w, https:\/\/vilnonesdienos.lt\/wp-content\/uploads\/2024\/01\/241254042_1530600893951492_704047757021741506_n-840x473.jpg 840w, https:\/\/vilnonesdienos.lt\/wp-content\/uploads\/2024\/01\/241254042_1530600893951492_704047757021741506_n-410x231.jpg 410w, https:\/\/vilnonesdienos.lt\/wp-content\/uploads\/2024\/01\/241254042_1530600893951492_704047757021741506_n-200x113.jpg 200w, https:\/\/vilnonesdienos.lt\/wp-content\/uploads\/2024\/01\/241254042_1530600893951492_704047757021741506_n-711x400.jpg 711w, https:\/\/vilnonesdienos.lt\/wp-content\/uploads\/2024\/01\/241254042_1530600893951492_704047757021741506_n-270x152.jpg 270w\" sizes=\"(max-width: 2048px) 100vw, 2048px\" \/><\/figure><p>Festival\u012f trankiai u\u017ebaig\u0117 jaunimo liaudi\u0161kos muzikos ansamblis \u201eGers\u201c i\u0161 Va\u0161k\u0173.<\/p><figure class=\"wp-block-image size-large\"><img decoding=\"async\" class=\"wp-image-2359\" src=\"https:\/\/raubonys.lt\/wp-content\/uploads\/2021\/10\/DSC02207-1024x576.jpg\" alt=\"\" \/><img loading=\"lazy\" decoding=\"async\" class=\"alignnone size-full wp-image-19996\" src=\"https:\/\/vilnonesdienos.lt\/wp-content\/uploads\/2024\/01\/241453961_1530600567284858_6563477896771114997_n.jpg\" alt=\"\" width=\"2048\" height=\"1152\" srcset=\"https:\/\/vilnonesdienos.lt\/wp-content\/uploads\/2024\/01\/241453961_1530600567284858_6563477896771114997_n.jpg 2048w, https:\/\/vilnonesdienos.lt\/wp-content\/uploads\/2024\/01\/241453961_1530600567284858_6563477896771114997_n-300x169.jpg 300w, https:\/\/vilnonesdienos.lt\/wp-content\/uploads\/2024\/01\/241453961_1530600567284858_6563477896771114997_n-1024x576.jpg 1024w, https:\/\/vilnonesdienos.lt\/wp-content\/uploads\/2024\/01\/241453961_1530600567284858_6563477896771114997_n-768x432.jpg 768w, https:\/\/vilnonesdienos.lt\/wp-content\/uploads\/2024\/01\/241453961_1530600567284858_6563477896771114997_n-1536x864.jpg 1536w, https:\/\/vilnonesdienos.lt\/wp-content\/uploads\/2024\/01\/241453961_1530600567284858_6563477896771114997_n-18x10.jpg 18w, https:\/\/vilnonesdienos.lt\/wp-content\/uploads\/2024\/01\/241453961_1530600567284858_6563477896771114997_n-370x208.jpg 370w, https:\/\/vilnonesdienos.lt\/wp-content\/uploads\/2024\/01\/241453961_1530600567284858_6563477896771114997_n-1290x725.jpg 1290w, https:\/\/vilnonesdienos.lt\/wp-content\/uploads\/2024\/01\/241453961_1530600567284858_6563477896771114997_n-840x473.jpg 840w, https:\/\/vilnonesdienos.lt\/wp-content\/uploads\/2024\/01\/241453961_1530600567284858_6563477896771114997_n-410x231.jpg 410w, https:\/\/vilnonesdienos.lt\/wp-content\/uploads\/2024\/01\/241453961_1530600567284858_6563477896771114997_n-200x113.jpg 200w, https:\/\/vilnonesdienos.lt\/wp-content\/uploads\/2024\/01\/241453961_1530600567284858_6563477896771114997_n-711x400.jpg 711w, https:\/\/vilnonesdienos.lt\/wp-content\/uploads\/2024\/01\/241453961_1530600567284858_6563477896771114997_n-270x152.jpg 270w\" sizes=\"(max-width: 2048px) 100vw, 2048px\" \/><\/figure><p>Abi dienas vyko mug\u0117, kurioje buvo galima \u012fsigyti \u012fvairiausi\u0173 rankdarbi\u0173. Mug\u0117je vyko ir amat\u0173 edukacijos.<\/p><figure class=\"wp-block-image size-large\"><img loading=\"lazy\" decoding=\"async\" class=\"alignnone size-full wp-image-19997\" src=\"https:\/\/vilnonesdienos.lt\/wp-content\/uploads\/2024\/01\/242031118_2150717785094386_6253875550523571938_n-1536x1024-1.jpg\" alt=\"\" width=\"1536\" height=\"1024\" srcset=\"https:\/\/vilnonesdienos.lt\/wp-content\/uploads\/2024\/01\/242031118_2150717785094386_6253875550523571938_n-1536x1024-1.jpg 1536w, https:\/\/vilnonesdienos.lt\/wp-content\/uploads\/2024\/01\/242031118_2150717785094386_6253875550523571938_n-1536x1024-1-300x200.jpg 300w, https:\/\/vilnonesdienos.lt\/wp-content\/uploads\/2024\/01\/242031118_2150717785094386_6253875550523571938_n-1536x1024-1-1024x683.jpg 1024w, https:\/\/vilnonesdienos.lt\/wp-content\/uploads\/2024\/01\/242031118_2150717785094386_6253875550523571938_n-1536x1024-1-768x512.jpg 768w, https:\/\/vilnonesdienos.lt\/wp-content\/uploads\/2024\/01\/242031118_2150717785094386_6253875550523571938_n-1536x1024-1-18x12.jpg 18w, https:\/\/vilnonesdienos.lt\/wp-content\/uploads\/2024\/01\/242031118_2150717785094386_6253875550523571938_n-1536x1024-1-370x247.jpg 370w, https:\/\/vilnonesdienos.lt\/wp-content\/uploads\/2024\/01\/242031118_2150717785094386_6253875550523571938_n-1536x1024-1-840x560.jpg 840w, https:\/\/vilnonesdienos.lt\/wp-content\/uploads\/2024\/01\/242031118_2150717785094386_6253875550523571938_n-1536x1024-1-410x273.jpg 410w, https:\/\/vilnonesdienos.lt\/wp-content\/uploads\/2024\/01\/242031118_2150717785094386_6253875550523571938_n-1536x1024-1-200x133.jpg 200w, https:\/\/vilnonesdienos.lt\/wp-content\/uploads\/2024\/01\/242031118_2150717785094386_6253875550523571938_n-1536x1024-1-600x400.jpg 600w\" sizes=\"(max-width: 1536px) 100vw, 1536px\" \/><\/figure><figure class=\"wp-block-image size-large\"><img loading=\"lazy\" decoding=\"async\" class=\"alignnone size-full wp-image-19998\" src=\"https:\/\/vilnonesdienos.lt\/wp-content\/uploads\/2024\/01\/DSC00696-1536x864-1.jpg\" alt=\"\" width=\"1536\" height=\"864\" srcset=\"https:\/\/vilnonesdienos.lt\/wp-content\/uploads\/2024\/01\/DSC00696-1536x864-1.jpg 1536w, https:\/\/vilnonesdienos.lt\/wp-content\/uploads\/2024\/01\/DSC00696-1536x864-1-300x169.jpg 300w, https:\/\/vilnonesdienos.lt\/wp-content\/uploads\/2024\/01\/DSC00696-1536x864-1-1024x576.jpg 1024w, https:\/\/vilnonesdienos.lt\/wp-content\/uploads\/2024\/01\/DSC00696-1536x864-1-768x432.jpg 768w, https:\/\/vilnonesdienos.lt\/wp-content\/uploads\/2024\/01\/DSC00696-1536x864-1-18x10.jpg 18w, https:\/\/vilnonesdienos.lt\/wp-content\/uploads\/2024\/01\/DSC00696-1536x864-1-370x208.jpg 370w, https:\/\/vilnonesdienos.lt\/wp-content\/uploads\/2024\/01\/DSC00696-1536x864-1-1290x725.jpg 1290w, https:\/\/vilnonesdienos.lt\/wp-content\/uploads\/2024\/01\/DSC00696-1536x864-1-840x473.jpg 840w, https:\/\/vilnonesdienos.lt\/wp-content\/uploads\/2024\/01\/DSC00696-1536x864-1-410x231.jpg 410w, https:\/\/vilnonesdienos.lt\/wp-content\/uploads\/2024\/01\/DSC00696-1536x864-1-200x113.jpg 200w, https:\/\/vilnonesdienos.lt\/wp-content\/uploads\/2024\/01\/DSC00696-1536x864-1-711x400.jpg 711w, https:\/\/vilnonesdienos.lt\/wp-content\/uploads\/2024\/01\/DSC00696-1536x864-1-270x152.jpg 270w\" sizes=\"(max-width: 1536px) 100vw, 1536px\" \/><\/figure><figure class=\"wp-block-image size-large\"><img loading=\"lazy\" decoding=\"async\" class=\"alignnone size-full wp-image-19999\" src=\"https:\/\/vilnonesdienos.lt\/wp-content\/uploads\/2024\/01\/DSC00646-1536x864-1.jpg\" alt=\"\" width=\"1536\" height=\"864\" srcset=\"https:\/\/vilnonesdienos.lt\/wp-content\/uploads\/2024\/01\/DSC00646-1536x864-1.jpg 1536w, https:\/\/vilnonesdienos.lt\/wp-content\/uploads\/2024\/01\/DSC00646-1536x864-1-300x169.jpg 300w, https:\/\/vilnonesdienos.lt\/wp-content\/uploads\/2024\/01\/DSC00646-1536x864-1-1024x576.jpg 1024w, https:\/\/vilnonesdienos.lt\/wp-content\/uploads\/2024\/01\/DSC00646-1536x864-1-768x432.jpg 768w, https:\/\/vilnonesdienos.lt\/wp-content\/uploads\/2024\/01\/DSC00646-1536x864-1-18x10.jpg 18w, https:\/\/vilnonesdienos.lt\/wp-content\/uploads\/2024\/01\/DSC00646-1536x864-1-370x208.jpg 370w, https:\/\/vilnonesdienos.lt\/wp-content\/uploads\/2024\/01\/DSC00646-1536x864-1-1290x725.jpg 1290w, https:\/\/vilnonesdienos.lt\/wp-content\/uploads\/2024\/01\/DSC00646-1536x864-1-840x473.jpg 840w, https:\/\/vilnonesdienos.lt\/wp-content\/uploads\/2024\/01\/DSC00646-1536x864-1-410x231.jpg 410w, https:\/\/vilnonesdienos.lt\/wp-content\/uploads\/2024\/01\/DSC00646-1536x864-1-200x113.jpg 200w, https:\/\/vilnonesdienos.lt\/wp-content\/uploads\/2024\/01\/DSC00646-1536x864-1-711x400.jpg 711w, https:\/\/vilnonesdienos.lt\/wp-content\/uploads\/2024\/01\/DSC00646-1536x864-1-270x152.jpg 270w\" sizes=\"(max-width: 1536px) 100vw, 1536px\" \/><\/figure><figure class=\"wp-block-image size-large\"><img loading=\"lazy\" decoding=\"async\" class=\"alignnone size-full wp-image-20000\" src=\"https:\/\/vilnonesdienos.lt\/wp-content\/uploads\/2024\/01\/241005707_1530598367285078_7295248214915156313_n.jpg\" alt=\"\" width=\"2048\" height=\"1152\" srcset=\"https:\/\/vilnonesdienos.lt\/wp-content\/uploads\/2024\/01\/241005707_1530598367285078_7295248214915156313_n.jpg 2048w, https:\/\/vilnonesdienos.lt\/wp-content\/uploads\/2024\/01\/241005707_1530598367285078_7295248214915156313_n-300x169.jpg 300w, https:\/\/vilnonesdienos.lt\/wp-content\/uploads\/2024\/01\/241005707_1530598367285078_7295248214915156313_n-1024x576.jpg 1024w, https:\/\/vilnonesdienos.lt\/wp-content\/uploads\/2024\/01\/241005707_1530598367285078_7295248214915156313_n-768x432.jpg 768w, https:\/\/vilnonesdienos.lt\/wp-content\/uploads\/2024\/01\/241005707_1530598367285078_7295248214915156313_n-1536x864.jpg 1536w, https:\/\/vilnonesdienos.lt\/wp-content\/uploads\/2024\/01\/241005707_1530598367285078_7295248214915156313_n-18x10.jpg 18w, https:\/\/vilnonesdienos.lt\/wp-content\/uploads\/2024\/01\/241005707_1530598367285078_7295248214915156313_n-370x208.jpg 370w, https:\/\/vilnonesdienos.lt\/wp-content\/uploads\/2024\/01\/241005707_1530598367285078_7295248214915156313_n-1290x725.jpg 1290w, https:\/\/vilnonesdienos.lt\/wp-content\/uploads\/2024\/01\/241005707_1530598367285078_7295248214915156313_n-840x473.jpg 840w, https:\/\/vilnonesdienos.lt\/wp-content\/uploads\/2024\/01\/241005707_1530598367285078_7295248214915156313_n-410x231.jpg 410w, https:\/\/vilnonesdienos.lt\/wp-content\/uploads\/2024\/01\/241005707_1530598367285078_7295248214915156313_n-200x113.jpg 200w, https:\/\/vilnonesdienos.lt\/wp-content\/uploads\/2024\/01\/241005707_1530598367285078_7295248214915156313_n-711x400.jpg 711w, https:\/\/vilnonesdienos.lt\/wp-content\/uploads\/2024\/01\/241005707_1530598367285078_7295248214915156313_n-270x152.jpg 270w\" sizes=\"(max-width: 2048px) 100vw, 2048px\" \/><\/figure><figure class=\"wp-block-image size-large\"><\/figure><div class=\"wp-block-columns is-layout-flex wp-container-core-columns-layout-1 wp-block-columns-is-layout-flex\"><div class=\"wp-block-column is-layout-flow wp-block-column-is-layout-flow\"><figure class=\"wp-block-image size-large\"><img decoding=\"async\" class=\"wp-image-3264\" src=\"http:\/\/vilnonesdienos.lt\/wp-content\/uploads\/2022\/01\/DSC02010-576x1024.jpg\" alt=\"\" \/>Festivalio dalyvius d\u017eiugino pirtys. Vilnon\u0117je ir garin\u0117je pirtyse SPA proced\u016broms kviet\u0117 pirtininkai i\u0161 Latvijos.<\/figure><\/div><\/div><figure class=\"wp-block-image size-large\"><img decoding=\"async\" class=\"wp-image-2355\" src=\"https:\/\/raubonys.lt\/wp-content\/uploads\/2021\/10\/IMG_8290-1024x683.jpg\" alt=\"\" \/><\/figure><p>Renginio ved\u0117jas Gediminas Andra\u0161i\u016bnas puikiai \u012fk\u016bnijo buvusio mal\u016bno savininko J. Ribb\u0117s persona\u017e\u0105.<\/p><p><img loading=\"lazy\" decoding=\"async\" class=\"alignnone size-full wp-image-20001\" src=\"https:\/\/vilnonesdienos.lt\/wp-content\/uploads\/2024\/01\/241008198_1530598533951728_9120251019358449340_n.jpg\" alt=\"\" width=\"2048\" height=\"1152\" srcset=\"https:\/\/vilnonesdienos.lt\/wp-content\/uploads\/2024\/01\/241008198_1530598533951728_9120251019358449340_n.jpg 2048w, https:\/\/vilnonesdienos.lt\/wp-content\/uploads\/2024\/01\/241008198_1530598533951728_9120251019358449340_n-300x169.jpg 300w, https:\/\/vilnonesdienos.lt\/wp-content\/uploads\/2024\/01\/241008198_1530598533951728_9120251019358449340_n-1024x576.jpg 1024w, https:\/\/vilnonesdienos.lt\/wp-content\/uploads\/2024\/01\/241008198_1530598533951728_9120251019358449340_n-768x432.jpg 768w, https:\/\/vilnonesdienos.lt\/wp-content\/uploads\/2024\/01\/241008198_1530598533951728_9120251019358449340_n-1536x864.jpg 1536w, https:\/\/vilnonesdienos.lt\/wp-content\/uploads\/2024\/01\/241008198_1530598533951728_9120251019358449340_n-18x10.jpg 18w, https:\/\/vilnonesdienos.lt\/wp-content\/uploads\/2024\/01\/241008198_1530598533951728_9120251019358449340_n-370x208.jpg 370w, https:\/\/vilnonesdienos.lt\/wp-content\/uploads\/2024\/01\/241008198_1530598533951728_9120251019358449340_n-1290x725.jpg 1290w, https:\/\/vilnonesdienos.lt\/wp-content\/uploads\/2024\/01\/241008198_1530598533951728_9120251019358449340_n-840x473.jpg 840w, https:\/\/vilnonesdienos.lt\/wp-content\/uploads\/2024\/01\/241008198_1530598533951728_9120251019358449340_n-410x231.jpg 410w, https:\/\/vilnonesdienos.lt\/wp-content\/uploads\/2024\/01\/241008198_1530598533951728_9120251019358449340_n-200x113.jpg 200w, https:\/\/vilnonesdienos.lt\/wp-content\/uploads\/2024\/01\/241008198_1530598533951728_9120251019358449340_n-711x400.jpg 711w, https:\/\/vilnonesdienos.lt\/wp-content\/uploads\/2024\/01\/241008198_1530598533951728_9120251019358449340_n-270x152.jpg 270w\" sizes=\"(max-width: 2048px) 100vw, 2048px\" \/><\/p><p>Kuo \u0161irdingiausiai d\u0117kojame visiems festivalio reng\u0117jams, talkininkams, draugams, pagalbininkams, r\u0117m\u0117jams, teatralams, muzikantams, dainininkams, amatininkams, pirtininkams, dalyviams ir \u017ei\u016brovams! J\u016bs visi suk\u016br\u0117te nuostabi\u0105, \u0161ilt\u0105 ir nepakartojam\u0105 \u0161vent\u0119!<\/p>\t\t\t\t\t\t\t\t<\/div>\n\t\t\t\t<\/div>\n\t\t\t\t\t<\/div>\n\t\t<\/div>\n\t\t\t\t\t<\/div>\n\t\t<\/section>\n\t\t\t\t<\/div>","protected":false},"excerpt":{"rendered":"<p>Jau \u0161e\u0161t\u0105 kart\u0105, rugs\u0117jo 4-5 dienomis, prie Rauboni\u0173 vandens mal\u016bno \u2013 viln\u0173 kar\u0161yklos, gra\u017eiame Tatulos up\u0117s sl\u0117nyje vyko festivalis \u201eVilnon\u0117s dienos\u201c. Festivalio metu pasukome istorijos rat\u0105 ir gr\u012f\u017eome \u012f dvide\u0161imtojo&hellip;<\/p>","protected":false},"author":1,"featured_media":19985,"comment_status":"closed","ping_status":"closed","sticky":false,"template":"","format":"standard","meta":{"footnotes":"","_links_to":"","_links_to_target":""},"categories":[1],"tags":[],"class_list":["post-19984","post","type-post","status-publish","format-standard","has-post-thumbnail","hentry","category-naujienos"],"yoast_head":"<!-- This site is optimized with the Yoast SEO plugin v27.5 - https:\/\/yoast.com\/product\/yoast-seo-wordpress\/ -->\n<title>Nuaid\u0117jo VI-asis festivalis &#8211; Vilnon\u0117s dienos | Tarptautinis amat\u0173 ir meno festivalis<\/title>\n<meta name=\"robots\" content=\"index, follow, max-snippet:-1, max-image-preview:large, max-video-preview:-1\" \/>\n<link rel=\"canonical\" href=\"https:\/\/vilnonesdienos.lt\/en\/nuaidejo-vi-asis-festivalis\/\" \/>\n<meta property=\"og:locale\" content=\"en_GB\" \/>\n<meta property=\"og:type\" content=\"article\" \/>\n<meta property=\"og:title\" content=\"Nuaid\u0117jo VI-asis festivalis &#8211; Vilnon\u0117s dienos | Tarptautinis amat\u0173 ir meno festivalis\" \/>\n<meta property=\"og:description\" content=\"Jau \u0161e\u0161t\u0105 kart\u0105, rugs\u0117jo 4-5 dienomis, prie Rauboni\u0173 vandens mal\u016bno \u2013 viln\u0173 kar\u0161yklos, gra\u017eiame Tatulos up\u0117s sl\u0117nyje vyko festivalis \u201eVilnon\u0117s dienos\u201c. Festivalio metu pasukome istorijos rat\u0105 ir gr\u012f\u017eome \u012f dvide\u0161imtojo&hellip;\" \/>\n<meta property=\"og:url\" content=\"https:\/\/vilnonesdienos.lt\/en\/nuaidejo-vi-asis-festivalis\/\" \/>\n<meta property=\"og:site_name\" content=\"Vilnon\u0117s dienos\" \/>\n<meta property=\"article:publisher\" content=\"https:\/\/www.facebook.com\/vilnonesdienos\" \/>\n<meta property=\"article:published_time\" content=\"2021-09-06T18:23:00+00:00\" \/>\n<meta property=\"article:modified_time\" content=\"2024-01-06T18:36:32+00:00\" \/>\n<meta property=\"og:image\" content=\"https:\/\/vilnonesdienos.lt\/wp-content\/uploads\/2024\/01\/241017183_1530599100618338_6496547678549311482_n.jpg\" \/>\n\t<meta property=\"og:image:width\" content=\"2048\" \/>\n\t<meta property=\"og:image:height\" content=\"1152\" \/>\n\t<meta property=\"og:image:type\" content=\"image\/jpeg\" \/>\n<meta name=\"author\" content=\"vilnonesdienos\" \/>\n<meta name=\"twitter:card\" content=\"summary_large_image\" \/>\n<meta name=\"twitter:label1\" content=\"Written by\" \/>\n\t<meta name=\"twitter:data1\" content=\"vilnonesdienos\" \/>\n\t<meta name=\"twitter:label2\" content=\"Estimated reading time\" \/>\n\t<meta name=\"twitter:data2\" content=\"2 minutes\" \/>\n<script type=\"application\/ld+json\" class=\"yoast-schema-graph\">{\"@context\":\"https:\\\/\\\/schema.org\",\"@graph\":[{\"@type\":\"Article\",\"@id\":\"https:\\\/\\\/vilnonesdienos.lt\\\/nuaidejo-vi-asis-festivalis\\\/#article\",\"isPartOf\":{\"@id\":\"https:\\\/\\\/vilnonesdienos.lt\\\/nuaidejo-vi-asis-festivalis\\\/\"},\"author\":{\"name\":\"vilnonesdienos\",\"@id\":\"https:\\\/\\\/vilnonesdienos.lt\\\/#\\\/schema\\\/person\\\/63ed3b8471c00ccaf0bcacb6f2dbd0d1\"},\"headline\":\"Nuaid\u0117jo VI-asis festivalis\",\"datePublished\":\"2021-09-06T18:23:00+00:00\",\"dateModified\":\"2024-01-06T18:36:32+00:00\",\"mainEntityOfPage\":{\"@id\":\"https:\\\/\\\/vilnonesdienos.lt\\\/nuaidejo-vi-asis-festivalis\\\/\"},\"wordCount\":384,\"publisher\":{\"@id\":\"https:\\\/\\\/vilnonesdienos.lt\\\/#organization\"},\"image\":{\"@id\":\"https:\\\/\\\/vilnonesdienos.lt\\\/nuaidejo-vi-asis-festivalis\\\/#primaryimage\"},\"thumbnailUrl\":\"https:\\\/\\\/vilnonesdienos.lt\\\/wp-content\\\/uploads\\\/2024\\\/01\\\/241017183_1530599100618338_6496547678549311482_n.jpg\",\"articleSection\":[\"Naujienos\"],\"inLanguage\":\"en-GB\"},{\"@type\":\"WebPage\",\"@id\":\"https:\\\/\\\/vilnonesdienos.lt\\\/nuaidejo-vi-asis-festivalis\\\/\",\"url\":\"https:\\\/\\\/vilnonesdienos.lt\\\/nuaidejo-vi-asis-festivalis\\\/\",\"name\":\"Nuaid\u0117jo VI-asis festivalis &#8211; Vilnon\u0117s dienos | Tarptautinis amat\u0173 ir meno festivalis\",\"isPartOf\":{\"@id\":\"https:\\\/\\\/vilnonesdienos.lt\\\/#website\"},\"primaryImageOfPage\":{\"@id\":\"https:\\\/\\\/vilnonesdienos.lt\\\/nuaidejo-vi-asis-festivalis\\\/#primaryimage\"},\"image\":{\"@id\":\"https:\\\/\\\/vilnonesdienos.lt\\\/nuaidejo-vi-asis-festivalis\\\/#primaryimage\"},\"thumbnailUrl\":\"https:\\\/\\\/vilnonesdienos.lt\\\/wp-content\\\/uploads\\\/2024\\\/01\\\/241017183_1530599100618338_6496547678549311482_n.jpg\",\"datePublished\":\"2021-09-06T18:23:00+00:00\",\"dateModified\":\"2024-01-06T18:36:32+00:00\",\"breadcrumb\":{\"@id\":\"https:\\\/\\\/vilnonesdienos.lt\\\/nuaidejo-vi-asis-festivalis\\\/#breadcrumb\"},\"inLanguage\":\"en-GB\",\"potentialAction\":[{\"@type\":\"ReadAction\",\"target\":[\"https:\\\/\\\/vilnonesdienos.lt\\\/nuaidejo-vi-asis-festivalis\\\/\"]}]},{\"@type\":\"ImageObject\",\"inLanguage\":\"en-GB\",\"@id\":\"https:\\\/\\\/vilnonesdienos.lt\\\/nuaidejo-vi-asis-festivalis\\\/#primaryimage\",\"url\":\"https:\\\/\\\/vilnonesdienos.lt\\\/wp-content\\\/uploads\\\/2024\\\/01\\\/241017183_1530599100618338_6496547678549311482_n.jpg\",\"contentUrl\":\"https:\\\/\\\/vilnonesdienos.lt\\\/wp-content\\\/uploads\\\/2024\\\/01\\\/241017183_1530599100618338_6496547678549311482_n.jpg\",\"width\":2048,\"height\":1152},{\"@type\":\"BreadcrumbList\",\"@id\":\"https:\\\/\\\/vilnonesdienos.lt\\\/nuaidejo-vi-asis-festivalis\\\/#breadcrumb\",\"itemListElement\":[{\"@type\":\"ListItem\",\"position\":1,\"name\":\"Prad\u017eia\",\"item\":\"https:\\\/\\\/vilnonesdienos.lt\\\/\"},{\"@type\":\"ListItem\",\"position\":2,\"name\":\"Nuaid\u0117jo VI-asis festivalis\"}]},{\"@type\":\"WebSite\",\"@id\":\"https:\\\/\\\/vilnonesdienos.lt\\\/#website\",\"url\":\"https:\\\/\\\/vilnonesdienos.lt\\\/\",\"name\":\"Vilnon\u0117s dienos\",\"description\":\"Tarptautinis amat\u0173 ir meno festivalis\",\"publisher\":{\"@id\":\"https:\\\/\\\/vilnonesdienos.lt\\\/#organization\"},\"alternateName\":\"Tarptautinis amat\u0173 ir meno festivalis\",\"potentialAction\":[{\"@type\":\"SearchAction\",\"target\":{\"@type\":\"EntryPoint\",\"urlTemplate\":\"https:\\\/\\\/vilnonesdienos.lt\\\/?s={search_term_string}\"},\"query-input\":{\"@type\":\"PropertyValueSpecification\",\"valueRequired\":true,\"valueName\":\"search_term_string\"}}],\"inLanguage\":\"en-GB\"},{\"@type\":\"Organization\",\"@id\":\"https:\\\/\\\/vilnonesdienos.lt\\\/#organization\",\"name\":\"Vilnon\u0117s dienos\",\"url\":\"https:\\\/\\\/vilnonesdienos.lt\\\/\",\"logo\":{\"@type\":\"ImageObject\",\"inLanguage\":\"en-GB\",\"@id\":\"https:\\\/\\\/vilnonesdienos.lt\\\/#\\\/schema\\\/logo\\\/image\\\/\",\"url\":\"https:\\\/\\\/vilnonesdienos.lt\\\/wp-content\\\/uploads\\\/2021\\\/07\\\/Vilnones-dienos_logo_melynas.png\",\"contentUrl\":\"https:\\\/\\\/vilnonesdienos.lt\\\/wp-content\\\/uploads\\\/2021\\\/07\\\/Vilnones-dienos_logo_melynas.png\",\"width\":2862,\"height\":1941,\"caption\":\"Vilnon\u0117s dienos\"},\"image\":{\"@id\":\"https:\\\/\\\/vilnonesdienos.lt\\\/#\\\/schema\\\/logo\\\/image\\\/\"},\"sameAs\":[\"https:\\\/\\\/www.facebook.com\\\/vilnonesdienos\"]},{\"@type\":\"Person\",\"@id\":\"https:\\\/\\\/vilnonesdienos.lt\\\/#\\\/schema\\\/person\\\/63ed3b8471c00ccaf0bcacb6f2dbd0d1\",\"name\":\"vilnonesdienos\",\"image\":{\"@type\":\"ImageObject\",\"inLanguage\":\"en-GB\",\"@id\":\"https:\\\/\\\/secure.gravatar.com\\\/avatar\\\/0ddbb7a98d2fcb9a291115f49a063e562047a133c0a13f9db0ea0d40792abdc4?s=96&d=mm&r=g\",\"url\":\"https:\\\/\\\/secure.gravatar.com\\\/avatar\\\/0ddbb7a98d2fcb9a291115f49a063e562047a133c0a13f9db0ea0d40792abdc4?s=96&d=mm&r=g\",\"contentUrl\":\"https:\\\/\\\/secure.gravatar.com\\\/avatar\\\/0ddbb7a98d2fcb9a291115f49a063e562047a133c0a13f9db0ea0d40792abdc4?s=96&d=mm&r=g\",\"caption\":\"vilnonesdienos\"},\"sameAs\":[\"https:\\\/\\\/vilnonesdienos.lt\"]}]}<\/script>\n<!-- \/ Yoast SEO plugin. -->","yoast_head_json":{"title":"Nuaid\u0117jo VI-asis festivalis &#8211; Vilnon\u0117s dienos | Tarptautinis amat\u0173 ir meno festivalis","robots":{"index":"index","follow":"follow","max-snippet":"max-snippet:-1","max-image-preview":"max-image-preview:large","max-video-preview":"max-video-preview:-1"},"canonical":"https:\/\/vilnonesdienos.lt\/en\/nuaidejo-vi-asis-festivalis\/","og_locale":"en_GB","og_type":"article","og_title":"Nuaid\u0117jo VI-asis festivalis &#8211; Vilnon\u0117s dienos | Tarptautinis amat\u0173 ir meno festivalis","og_description":"Jau \u0161e\u0161t\u0105 kart\u0105, rugs\u0117jo 4-5 dienomis, prie Rauboni\u0173 vandens mal\u016bno \u2013 viln\u0173 kar\u0161yklos, gra\u017eiame Tatulos up\u0117s sl\u0117nyje vyko festivalis \u201eVilnon\u0117s dienos\u201c. Festivalio metu pasukome istorijos rat\u0105 ir gr\u012f\u017eome \u012f dvide\u0161imtojo&hellip;","og_url":"https:\/\/vilnonesdienos.lt\/en\/nuaidejo-vi-asis-festivalis\/","og_site_name":"Vilnon\u0117s dienos","article_publisher":"https:\/\/www.facebook.com\/vilnonesdienos","article_published_time":"2021-09-06T18:23:00+00:00","article_modified_time":"2024-01-06T18:36:32+00:00","og_image":[{"width":2048,"height":1152,"url":"https:\/\/vilnonesdienos.lt\/wp-content\/uploads\/2024\/01\/241017183_1530599100618338_6496547678549311482_n.jpg","type":"image\/jpeg"}],"author":"vilnonesdienos","twitter_card":"summary_large_image","twitter_misc":{"Written by":"vilnonesdienos","Estimated reading time":"2 minutes"},"schema":{"@context":"https:\/\/schema.org","@graph":[{"@type":"Article","@id":"https:\/\/vilnonesdienos.lt\/nuaidejo-vi-asis-festivalis\/#article","isPartOf":{"@id":"https:\/\/vilnonesdienos.lt\/nuaidejo-vi-asis-festivalis\/"},"author":{"name":"vilnonesdienos","@id":"https:\/\/vilnonesdienos.lt\/#\/schema\/person\/63ed3b8471c00ccaf0bcacb6f2dbd0d1"},"headline":"Nuaid\u0117jo VI-asis festivalis","datePublished":"2021-09-06T18:23:00+00:00","dateModified":"2024-01-06T18:36:32+00:00","mainEntityOfPage":{"@id":"https:\/\/vilnonesdienos.lt\/nuaidejo-vi-asis-festivalis\/"},"wordCount":384,"publisher":{"@id":"https:\/\/vilnonesdienos.lt\/#organization"},"image":{"@id":"https:\/\/vilnonesdienos.lt\/nuaidejo-vi-asis-festivalis\/#primaryimage"},"thumbnailUrl":"https:\/\/vilnonesdienos.lt\/wp-content\/uploads\/2024\/01\/241017183_1530599100618338_6496547678549311482_n.jpg","articleSection":["Naujienos"],"inLanguage":"en-GB"},{"@type":"WebPage","@id":"https:\/\/vilnonesdienos.lt\/nuaidejo-vi-asis-festivalis\/","url":"https:\/\/vilnonesdienos.lt\/nuaidejo-vi-asis-festivalis\/","name":"Nuaid\u0117jo VI-asis festivalis &#8211; Vilnon\u0117s dienos | Tarptautinis amat\u0173 ir meno festivalis","isPartOf":{"@id":"https:\/\/vilnonesdienos.lt\/#website"},"primaryImageOfPage":{"@id":"https:\/\/vilnonesdienos.lt\/nuaidejo-vi-asis-festivalis\/#primaryimage"},"image":{"@id":"https:\/\/vilnonesdienos.lt\/nuaidejo-vi-asis-festivalis\/#primaryimage"},"thumbnailUrl":"https:\/\/vilnonesdienos.lt\/wp-content\/uploads\/2024\/01\/241017183_1530599100618338_6496547678549311482_n.jpg","datePublished":"2021-09-06T18:23:00+00:00","dateModified":"2024-01-06T18:36:32+00:00","breadcrumb":{"@id":"https:\/\/vilnonesdienos.lt\/nuaidejo-vi-asis-festivalis\/#breadcrumb"},"inLanguage":"en-GB","potentialAction":[{"@type":"ReadAction","target":["https:\/\/vilnonesdienos.lt\/nuaidejo-vi-asis-festivalis\/"]}]},{"@type":"ImageObject","inLanguage":"en-GB","@id":"https:\/\/vilnonesdienos.lt\/nuaidejo-vi-asis-festivalis\/#primaryimage","url":"https:\/\/vilnonesdienos.lt\/wp-content\/uploads\/2024\/01\/241017183_1530599100618338_6496547678549311482_n.jpg","contentUrl":"https:\/\/vilnonesdienos.lt\/wp-content\/uploads\/2024\/01\/241017183_1530599100618338_6496547678549311482_n.jpg","width":2048,"height":1152},{"@type":"BreadcrumbList","@id":"https:\/\/vilnonesdienos.lt\/nuaidejo-vi-asis-festivalis\/#breadcrumb","itemListElement":[{"@type":"ListItem","position":1,"name":"Prad\u017eia","item":"https:\/\/vilnonesdienos.lt\/"},{"@type":"ListItem","position":2,"name":"Nuaid\u0117jo VI-asis festivalis"}]},{"@type":"WebSite","@id":"https:\/\/vilnonesdienos.lt\/#website","url":"https:\/\/vilnonesdienos.lt\/","name":"Vilnon\u0117s dienos","description":"International Craft and Art Festival","publisher":{"@id":"https:\/\/vilnonesdienos.lt\/#organization"},"alternateName":"Tarptautinis amat\u0173 ir meno festivalis","potentialAction":[{"@type":"SearchAction","target":{"@type":"EntryPoint","urlTemplate":"https:\/\/vilnonesdienos.lt\/?s={search_term_string}"},"query-input":{"@type":"PropertyValueSpecification","valueRequired":true,"valueName":"search_term_string"}}],"inLanguage":"en-GB"},{"@type":"Organization","@id":"https:\/\/vilnonesdienos.lt\/#organization","name":"Vilnon\u0117s dienos","url":"https:\/\/vilnonesdienos.lt\/","logo":{"@type":"ImageObject","inLanguage":"en-GB","@id":"https:\/\/vilnonesdienos.lt\/#\/schema\/logo\/image\/","url":"https:\/\/vilnonesdienos.lt\/wp-content\/uploads\/2021\/07\/Vilnones-dienos_logo_melynas.png","contentUrl":"https:\/\/vilnonesdienos.lt\/wp-content\/uploads\/2021\/07\/Vilnones-dienos_logo_melynas.png","width":2862,"height":1941,"caption":"Vilnon\u0117s dienos"},"image":{"@id":"https:\/\/vilnonesdienos.lt\/#\/schema\/logo\/image\/"},"sameAs":["https:\/\/www.facebook.com\/vilnonesdienos"]},{"@type":"Person","@id":"https:\/\/vilnonesdienos.lt\/#\/schema\/person\/63ed3b8471c00ccaf0bcacb6f2dbd0d1","name":"vilnonesdienos","image":{"@type":"ImageObject","inLanguage":"en-GB","@id":"https:\/\/secure.gravatar.com\/avatar\/0ddbb7a98d2fcb9a291115f49a063e562047a133c0a13f9db0ea0d40792abdc4?s=96&d=mm&r=g","url":"https:\/\/secure.gravatar.com\/avatar\/0ddbb7a98d2fcb9a291115f49a063e562047a133c0a13f9db0ea0d40792abdc4?s=96&d=mm&r=g","contentUrl":"https:\/\/secure.gravatar.com\/avatar\/0ddbb7a98d2fcb9a291115f49a063e562047a133c0a13f9db0ea0d40792abdc4?s=96&d=mm&r=g","caption":"vilnonesdienos"},"sameAs":["https:\/\/vilnonesdienos.lt"]}]}},"_links":{"self":[{"href":"https:\/\/vilnonesdienos.lt\/en\/wp-json\/wp\/v2\/posts\/19984","targetHints":{"allow":["GET"]}}],"collection":[{"href":"https:\/\/vilnonesdienos.lt\/en\/wp-json\/wp\/v2\/posts"}],"about":[{"href":"https:\/\/vilnonesdienos.lt\/en\/wp-json\/wp\/v2\/types\/post"}],"author":[{"embeddable":true,"href":"https:\/\/vilnonesdienos.lt\/en\/wp-json\/wp\/v2\/users\/1"}],"replies":[{"embeddable":true,"href":"https:\/\/vilnonesdienos.lt\/en\/wp-json\/wp\/v2\/comments?post=19984"}],"version-history":[{"count":0,"href":"https:\/\/vilnonesdienos.lt\/en\/wp-json\/wp\/v2\/posts\/19984\/revisions"}],"wp:featuredmedia":[{"embeddable":true,"href":"https:\/\/vilnonesdienos.lt\/en\/wp-json\/wp\/v2\/media\/19985"}],"wp:attachment":[{"href":"https:\/\/vilnonesdienos.lt\/en\/wp-json\/wp\/v2\/media?parent=19984"}],"wp:term":[{"taxonomy":"category","embeddable":true,"href":"https:\/\/vilnonesdienos.lt\/en\/wp-json\/wp\/v2\/categories?post=19984"},{"taxonomy":"post_tag","embeddable":true,"href":"https:\/\/vilnonesdienos.lt\/en\/wp-json\/wp\/v2\/tags?post=19984"}],"curies":[{"name":"wp","href":"https:\/\/api.w.org\/{rel}","templated":true}]}}